{"id":26,"date":"2025-03-31T13:24:00","date_gmt":"2025-03-31T13:24:00","guid":{"rendered":"https:\/\/okej.nu\/blog\/?p=26"},"modified":"2025-04-14T06:38:47","modified_gmt":"2025-04-14T05:38:47","slug":"vi-kraver-ett-ar-for-klimatet","status":"publish","type":"post","link":"https:\/\/okej.nu\/blog\/2025\/03\/31\/vi-kraver-ett-ar-for-klimatet\/","title":{"rendered":"Vi kr\u00e4ver ett \u00e5r f\u00f6r klimatet"},"content":{"rendered":"\n<p>U<strong>me\u00e5s klimatm\u00e5l f\u00f6r 2025 verkar inte kunna uppn\u00e5s, och de som ska n\u00e5s 2030 och fram\u00e5t \u00e4r i fara. Vi i den samlade milj\u00f6r\u00f6relsen f\u00f6resl\u00e5r d\u00e4rf\u00f6r ett \u00e5r f\u00f6r klimatet, ett klimat-\u00e5r, d\u00e4r kommunen kan kraftsamla tillsammans med oss medborgare. Vi vet att Ume\u00e5 kan b\u00e4ttre, skriver debatt\u00f6rerna.<\/strong><\/p>\n\n\n\n<p><strong>Ingen beh\u00f6ver l\u00e4ngre<\/strong>&nbsp;p\u00e5minnas om klimatkrisen och dess nu p\u00e5tagliga effekter runtom i v\u00e4rlden. Utvecklingen \u00e4r skr\u00e4mmande med en snabbare temperatur\u00f6kning \u00e4n de flesta forskare f\u00f6rutsp\u00e5tt.<\/p>\n\n\n\n<p>Ume\u00e5 kommun har fastst\u00e4llt ambiti\u00f6sa m\u00e5l f\u00f6r sin klimatpolitik d\u00e4r flera \u00e4r t\u00e4nkta att uppn\u00e5s inom n\u00e5gra f\u00e5 \u00e5r, men trots det verkar de bli sv\u00e5ra att n\u00e5.<\/p>\n\n\n\n<p><strong><em>H\u00e4r \u00e4r n\u00e5gra alarmerande exempel:<\/em><\/strong><\/p>\n\n\n\n<ul><li>Samtliga klimatm\u00e5l visade en negativ trend vid den senaste uppf\u00f6ljningen.<\/li><li>Internrevisionen kritiserar kommunens bristande ambition med att uppn\u00e5 dem.<\/li><li>Kommunen konstaterar sj\u00e4lva att det finns \u00e5tg\u00e4rder som inte kommer att genomf\u00f6ras p\u00e5 grund av bristande mandat och\/eller resurser och att \u201cmer arbete kr\u00e4vs\u201d.<\/li><\/ul>\n\n\n\n<p><strong>Vi befarar att&nbsp;<\/strong>det finns de inom kommunens ledning som inte ens vill f\u00f6rs\u00f6ka n\u00e5 klimatm\u00e5len, trots att de \u00e4r beslutade utifr\u00e5n vad som kr\u00e4vs och vad som skulle kunna genomf\u00f6ras. Klimatf\u00f6r\u00e4ndringarna orsakas av \u00f6kande koldioxidhalter i atmosf\u00e4ren, d\u00e4r varje molekyl r\u00e4knas och effekten \u00e4r l\u00e5ngvarig.<\/p>\n\n\n\n<p>Det \u00e4r d\u00e4rf\u00f6r utsl\u00e4ppen m\u00e5ste minska nu och dessutom minska mer och mer f\u00f6r varje \u00e5r! Alla klimatm\u00e5l i s\u00e5v\u00e4l EU som kommunen \u00e4r satta i f\u00f6rh\u00e5llande till den kunskapen.<\/p>\n\n\n\n<p>Hur ska vi medborgare kunna ta v\u00e5r del av ansvaret n\u00e4r kommunen inte g\u00f6r det?<\/p>\n\n\n\n<p><strong>Vi vet att<\/strong>&nbsp;Ume\u00e5 kommun har politiker och tj\u00e4nstepersoner som vill att klimatm\u00e5len ska n\u00e5s och har kunskap om hur detta skulle kunna g\u00f6ras. Tyv\u00e4rr f\u00e5r de inte tillr\u00e4ckligt utrymme f\u00f6r att genomf\u00f6ra det som beh\u00f6vs.<\/p>\n\n\n\n<p>Men Ume\u00e5 \u00e4r inte enbart sin kommunorganisation. Ume\u00e5 \u00e4r vi som bor h\u00e4r, d\u00e4r alla m\u00e5ste bidra och ta ansvar f\u00f6r att resa och konsumera h\u00e5llbart.<\/p>\n\n\n\n<p>Om kommunen backar fr\u00e5n sitt ansvar i denna alltmer akuta kris leder det till b\u00e5de bristande engagemang och hoppl\u00f6shet.<\/p>\n\n\n\n<p>Hur ska vi medborgare kunna ta v\u00e5r del av ansvaret n\u00e4r kommunen inte g\u00f6r det?<\/p>\n\n\n\n<p>Vi, Ume\u00e5s samlade milj\u00f6r\u00f6relse f\u00f6resl\u00e5r d\u00e4rf\u00f6r ett \u00e5r f\u00f6r klimatet med start redan i v\u00e5r.<\/p>\n\n\n\n<p><strong>Vi vet att de<\/strong>n stora delen av Ume\u00e5s medborgare vill vara med och ta ansvar f\u00f6r framtiden. Hj\u00e4lp oss att g\u00f6ra det.<\/p>\n\n\n\n<p>Tillsammans kan vi b\u00e4ttre.<\/p>\n\n\n\n<p>Vi, Ume\u00e5s samlade milj\u00f6r\u00f6relse f\u00f6resl\u00e5r d\u00e4rf\u00f6r ett \u00e5r f\u00f6r klimatet med start redan i v\u00e5r. Ett \u00e5r d\u00e4r hela Ume\u00e5, kommunledning och medborgare, kan f\u00f6renas och kraftsamla kring klimatm\u00e5len.<\/p>\n\n\n\n<p>Vi har de senaste \u00e5ren sett att Ume\u00e5 kommun kan n\u00e4r motivationen finns. Efter ett klimat-\u00e5r skulle kommunen kanske till och med lyckas med ambitionen att bli milj\u00f6huvudstad! Det blir man inte n\u00e4r rapporterna upprepar &#8221;mer arbete kr\u00e4vs&#8221;.<\/p>\n\n\n\n<p><strong>Vi f\u00f6resl\u00e5r att Ume\u00e5 kommun<\/strong>&nbsp;snarast lanserar v\u00e5rt f\u00f6reslagna klimat-\u00e5r och tydligg\u00f6r f\u00f6r sig sj\u00e4lva och oss medborgare vad som beh\u00f6ver g\u00f6ras f\u00f6r att vi tillsammans ska kunna uppn\u00e5 de av kommunen fastst\u00e4llda klimatm\u00e5len.<\/p>\n\n\n\n<p><strong>Jan Albertsson<\/strong><\/p>\n\n\n\n<p>Ordf\u00f6rande Naturskyddsf\u00f6reningen i Ume\u00e5 med omnejd<\/p>\n\n\n\n<p><strong>Kristin Palmqvist<\/strong><\/p>\n\n\n\n<p>Rebellmammorna i Ume\u00e5<\/p>\n\n\n\n<p><strong>Christine Grundstr\u00f6m<\/strong><\/p>\n\n\n\n<p>People for future Ume\u00e5<\/p>\n\n\n\n<p><strong>\u00c5sa Forsberg<\/strong><\/p>\n\n\n\n<p>Extinction Rebellion Ume\u00e5<\/p>\n\n\n\n<p><strong>Jan Axelsson<\/strong><\/p>\n\n\n\n<p>Rebellpapporna Ume\u00e5<\/p>\n\n\n\n<p>(Publicerad i Folkbladet V\u00e4sterbotten 1 april)<\/p>\n","protected":false},"excerpt":{"rendered":"<p>Ume\u00e5s klimatm\u00e5l f\u00f6r 2025 verkar inte kunna uppn\u00e5s, och de som ska n\u00e5s 2030 och fram\u00e5t \u00e4r i fara. Vi i den samlade milj\u00f6r\u00f6relsen f\u00f6resl\u00e5r d\u00e4rf\u00f6r ett \u00e5r f\u00f6r klimatet, ett klimat-\u00e5r, d\u00e4r kommunen kan kraftsamla tillsammans med oss medborgare. Vi vet att Ume\u00e5 kan b\u00e4ttre, skriver debatt\u00f6rerna. Ingen beh\u00f6ver l\u00e4ngre&nbsp;p\u00e5minnas om klimatkrisen och dess [&hellip;]<\/p>\n","protected":false},"author":1,"featured_media":27,"comment_status":"closed","ping_status":"open","sticky":false,"template":"","format":"standard","meta":[],"categories":[3],"tags":[],"_links":{"self":[{"href":"https:\/\/okej.nu\/blog\/wp-json\/wp\/v2\/posts\/26"}],"collection":[{"href":"https:\/\/okej.nu\/blog\/wp-json\/wp\/v2\/posts"}],"about":[{"href":"https:\/\/okej.nu\/blog\/wp-json\/wp\/v2\/types\/post"}],"author":[{"embeddable":true,"href":"https:\/\/okej.nu\/blog\/wp-json\/wp\/v2\/users\/1"}],"replies":[{"embeddable":true,"href":"https:\/\/okej.nu\/blog\/wp-json\/wp\/v2\/comments?post=26"}],"version-history":[{"count":3,"href":"https:\/\/okej.nu\/blog\/wp-json\/wp\/v2\/posts\/26\/revisions"}],"predecessor-version":[{"id":77,"href":"https:\/\/okej.nu\/blog\/wp-json\/wp\/v2\/posts\/26\/revisions\/77"}],"wp:featuredmedia":[{"embeddable":true,"href":"https:\/\/okej.nu\/blog\/wp-json\/wp\/v2\/media\/27"}],"wp:attachment":[{"href":"https:\/\/okej.nu\/blog\/wp-json\/wp\/v2\/media?parent=26"}],"wp:term":[{"taxonomy":"category","embeddable":true,"href":"https:\/\/okej.nu\/blog\/wp-json\/wp\/v2\/categories?post=26"},{"taxonomy":"post_tag","embeddable":true,"href":"https:\/\/okej.nu\/blog\/wp-json\/wp\/v2\/tags?post=26"}],"curies":[{"name":"wp","href":"https:\/\/api.w.org\/{rel}","templated":true}]}}