{"id":32,"date":"2025-04-03T13:50:00","date_gmt":"2025-04-03T13:50:00","guid":{"rendered":"https:\/\/okej.nu\/blog\/?p=32"},"modified":"2025-04-14T06:28:01","modified_gmt":"2025-04-14T05:28:01","slug":"krig-loser-inte-nagra-problem","status":"publish","type":"post","link":"https:\/\/okej.nu\/blog\/2025\/04\/03\/krig-loser-inte-nagra-problem\/","title":{"rendered":"Krig l\u00f6ser inte n\u00e5gra problem"},"content":{"rendered":"\n<h1><\/h1>\n\n\n\n<p>Egentligen \u00e4r det v\u00e4l allm\u00e4nt k\u00e4nt att krig inte l\u00f6ser n\u00e5gra problem. V\u00e5ld f\u00f6der v\u00e5ld och krig leder ofta till nya krig. \u00c4nd\u00e5 \u00e4r det oftast v\u00e5ld eller f\u00f6rberedelse f\u00f6r v\u00e5ld som f\u00f6respr\u00e5kas i konfliktsituationer.<\/p>\n\n\n\n<p>Borde inte v\u00e5r viktigaste uppgift nu vara att diskutera hur vi ska kunna stoppa utvecklingen mot att v\u00e4rlden blir allt farligare och v\u00e5ldsammare? M\u00e5let m\u00e5ste vara nedrustning och fred. \u00d6kad vapenproduktion kan varken g\u00f6ra oss s\u00e4krare eller skydda friheten och demokratin.<\/p>\n\n\n\n<p>V\u00e4rlden beh\u00f6ver fred och samarbete. V\u00e5ldet m\u00e5ste bek\u00e4mpas, men med icke-v\u00e5ld, med utbildning, demokrati, konfliktl\u00f6sning och gemenskap. Ned med vapnen!<\/p>\n\n\n\n<p><\/p>\n\n\n\n<p>Margareta Backg\u00e5rd<\/p>\n\n\n\n<p>Aktiv i Ume\u00e5 Fredsgrupp, Svenska Freds<\/p>\n\n\n\n<p>(Publicerad i Norran 10 april)<\/p>\n","protected":false},"excerpt":{"rendered":"<p>Egentligen \u00e4r det v\u00e4l allm\u00e4nt k\u00e4nt att krig inte l\u00f6ser n\u00e5gra problem. V\u00e5ld f\u00f6der v\u00e5ld och krig leder ofta till nya krig. \u00c4nd\u00e5 \u00e4r det oftast v\u00e5ld eller f\u00f6rberedelse f\u00f6r v\u00e5ld som f\u00f6respr\u00e5kas i konfliktsituationer. Borde inte v\u00e5r viktigaste uppgift nu vara att diskutera hur vi ska kunna stoppa utvecklingen mot att v\u00e4rlden blir allt [&hellip;]<\/p>\n","protected":false},"author":1,"featured_media":33,"comment_status":"closed","ping_status":"open","sticky":false,"template":"","format":"standard","meta":[],"categories":[2],"tags":[],"_links":{"self":[{"href":"https:\/\/okej.nu\/blog\/wp-json\/wp\/v2\/posts\/32"}],"collection":[{"href":"https:\/\/okej.nu\/blog\/wp-json\/wp\/v2\/posts"}],"about":[{"href":"https:\/\/okej.nu\/blog\/wp-json\/wp\/v2\/types\/post"}],"author":[{"embeddable":true,"href":"https:\/\/okej.nu\/blog\/wp-json\/wp\/v2\/users\/1"}],"replies":[{"embeddable":true,"href":"https:\/\/okej.nu\/blog\/wp-json\/wp\/v2\/comments?post=32"}],"version-history":[{"count":3,"href":"https:\/\/okej.nu\/blog\/wp-json\/wp\/v2\/posts\/32\/revisions"}],"predecessor-version":[{"id":74,"href":"https:\/\/okej.nu\/blog\/wp-json\/wp\/v2\/posts\/32\/revisions\/74"}],"wp:featuredmedia":[{"embeddable":true,"href":"https:\/\/okej.nu\/blog\/wp-json\/wp\/v2\/media\/33"}],"wp:attachment":[{"href":"https:\/\/okej.nu\/blog\/wp-json\/wp\/v2\/media?parent=32"}],"wp:term":[{"taxonomy":"category","embeddable":true,"href":"https:\/\/okej.nu\/blog\/wp-json\/wp\/v2\/categories?post=32"},{"taxonomy":"post_tag","embeddable":true,"href":"https:\/\/okej.nu\/blog\/wp-json\/wp\/v2\/tags?post=32"}],"curies":[{"name":"wp","href":"https:\/\/api.w.org\/{rel}","templated":true}]}}