{"id":46,"date":"2025-04-09T08:19:26","date_gmt":"2025-04-09T07:19:26","guid":{"rendered":"https:\/\/okej.nu\/blog\/?p=46"},"modified":"2025-04-10T07:18:44","modified_gmt":"2025-04-10T06:18:44","slug":"arkebiskopen-martin-modeus-vill-rusta-lyssna-pa-jesus","status":"publish","type":"post","link":"https:\/\/okej.nu\/blog\/2025\/04\/09\/arkebiskopen-martin-modeus-vill-rusta-lyssna-pa-jesus\/","title":{"rendered":"\u00c4rkebiskopen Martin Mod\u00e9us vill rusta &#8211; Lyssna hellre p\u00e5 Jesus!"},"content":{"rendered":"\n<p>Martin Mod\u00e9us, \u00c4rkebiskop i Svenska kyrkan f\u00f6rordar milit\u00e4r upprustning och skriver bl.a. i Kyrkans Tidning, 4\/3 2025, att:<\/p>\n\n\n\n<p><em>\u201dNu beh\u00f6ver Europa rusta upp f\u00f6r att m\u00f6ta hotet och dess nya konstellation av samarbetspartner. Det blir ju en n\u00f6dv\u00e4ndighet i en v\u00e4rld d\u00e4r det \u00e4r styrkedemonstrationernas spr\u00e5k som anses relevant, i all sin \u00f6mklighet.\u201d<\/em><\/p>\n\n\n\n<p><em>\u201dStyrkedemonstrationer tyder p\u00e5 inre tomhet, som inte \u00e4r den \u00f6dmjukhet som \u00e4r den inre styrkans grund. Men det f\u00f6rst\u00e5r inte den som d\u00f6ljer sin inre tomhet genom bombasmer. Och det \u00e4r farligt.\u201d<\/em><\/p>\n\n\n\n<p>\u00c4rkebiskopen syftar bl.a. p\u00e5 Trumps h\u00e5rdh\u00e4nta behandling av Zelensky i Washington men uttalandet yttre om styrka och inre tomhet kan \u00e4ven anv\u00e4ndas ang\u00e5ende upprustningshetsen i Europa, n\u00e4mligen att den inre tomheten i v\u00e5ra l\u00e4nder kan inte d\u00f6ljas och fyllas p\u00e5 med bomber. Ju mer v\u00e4lf\u00e4rden nedrustas desto \u201dtommare\u201d och os\u00e4krare blir v\u00e5ra l\u00e4nder internt.<\/p>\n\n\n\n<p>Det p\u00e5st\u00e5dda hotet \u00e4r en rysk invasion. S\u00e5 l\u00e5t oss titta p\u00e5 hur det relativa (icke-nukle\u00e4ra) milit\u00e4ra styrkef\u00f6rh\u00e5llandet ser ut. EU+ enbart, (UK, Norge och n\u00e5gra mindre l\u00e4nder), (utom USA, Kanada och Turkiet) och titta p\u00e5 siffrorna. \u00c5r 2024 hade EU+, en befolkning som var 3 g\u00e5nger Rysslands, och dess BNP tio g\u00e5nger Rysslands. EU+ hade en f\u00f6rsvarsbudget 3 g\u00e5nger Rysslands och den milit\u00e4ra personalen inom EU+ \u00e4r 20 % mer \u00e4n Rysslands. Det vore sj\u00e4lvmord f\u00f6r Ryssland att attackera EU+, \u00e4ven om man antar att USA inte kommer att komma till unds\u00e4ttning f\u00f6r sina europeiska allierade. Sammanfattningsvis st\u00f6ds p\u00e5st\u00e5endet om det akuta behovet av \u00f6kade utgifter inte av fakta.<\/p>\n\n\n\n<p>Upprustning av de konventionella vapenarsenalerna \u00e4r d\u00e4rf\u00f6r ologiskt och dr\u00e4nerar endast Europas l\u00e4nder p\u00e5 resurser till v\u00e4lf\u00e4rd. F\u00f6rst\u00e4rkning av det milit\u00e4ra f\u00f6rsvaret \u00f6kar inte ett lands s\u00e4kerhet. Dessutom talas det alltmer om k\u00e4rnvapen f\u00f6r att f\u00e5 \u201dbalans\u201d och avskr\u00e4ckning mot Ryssland. Dialog med grannl\u00e4nder, s\u00e4kerhetsavtal, \u00f6msesidig vapenminskning, f\u00f6rtroendeskapande \u00e5tg\u00e4rder och f\u00f6rhandlingar \u00e4r n\u00f6dv\u00e4ndiga delar av s\u00e4kerheten.<\/p>\n\n\n\n<p><em>\u201dStyrkedemonstrationer tyder p\u00e5 inre tomhet, som inte \u00e4r den \u00f6dmjukhet som \u00e4r den inre styrkans grund.\u201d<\/em>, skrev Mod\u00e9usmen vi beh\u00f6ver inte styrkedemonstrationer i form av k\u00e4rnvapen och annan milit\u00e4r upprustning utan en inre styrka d\u00e4r v\u00e5ra samh\u00e4llen upprustar en v\u00e4lfungerande v\u00e5rd, utbyggd infrastruktur och en bildad befolkning bl.a.<\/p>\n\n\n\n<p>\u00c4rkebiskop Mod\u00e9us uppmanar till upprustning men b\u00f6r ist\u00e4llet luta sig mot Jesus Kristus som&nbsp;&nbsp; ofta predikade om fred och f\u00f6rsoning. Ett av hans mest k\u00e4nda uttalanden \u00e4r: <em>&#8221;Saliga \u00e4r de som skapar fred, f\u00f6r de ska kallas Guds barn.&#8221;<\/em> (Matteus 5:9).<\/p>\n\n\n\n<p>Jan Axelsson<\/p>\n\n\n\n<p>Kontaktperson<\/p>\n\n\n\n<p>Ume\u00e5 Fredsgrupp\/Svenska Freds<\/p>\n","protected":false},"excerpt":{"rendered":"<p>Martin Mod\u00e9us, \u00c4rkebiskop i Svenska kyrkan f\u00f6rordar milit\u00e4r upprustning och skriver bl.a. i Kyrkans Tidning, 4\/3 2025, att: \u201dNu beh\u00f6ver Europa rusta upp f\u00f6r att m\u00f6ta hotet och dess nya konstellation av samarbetspartner. Det blir ju en n\u00f6dv\u00e4ndighet i en v\u00e4rld d\u00e4r det \u00e4r styrkedemonstrationernas spr\u00e5k som anses relevant, i all sin \u00f6mklighet.\u201d \u201dStyrkedemonstrationer tyder [&hellip;]<\/p>\n","protected":false},"author":3,"featured_media":64,"comment_status":"closed","ping_status":"open","sticky":false,"template":"","format":"standard","meta":[],"categories":[2,4],"tags":[],"_links":{"self":[{"href":"https:\/\/okej.nu\/blog\/wp-json\/wp\/v2\/posts\/46"}],"collection":[{"href":"https:\/\/okej.nu\/blog\/wp-json\/wp\/v2\/posts"}],"about":[{"href":"https:\/\/okej.nu\/blog\/wp-json\/wp\/v2\/types\/post"}],"author":[{"embeddable":true,"href":"https:\/\/okej.nu\/blog\/wp-json\/wp\/v2\/users\/3"}],"replies":[{"embeddable":true,"href":"https:\/\/okej.nu\/blog\/wp-json\/wp\/v2\/comments?post=46"}],"version-history":[{"count":3,"href":"https:\/\/okej.nu\/blog\/wp-json\/wp\/v2\/posts\/46\/revisions"}],"predecessor-version":[{"id":49,"href":"https:\/\/okej.nu\/blog\/wp-json\/wp\/v2\/posts\/46\/revisions\/49"}],"wp:featuredmedia":[{"embeddable":true,"href":"https:\/\/okej.nu\/blog\/wp-json\/wp\/v2\/media\/64"}],"wp:attachment":[{"href":"https:\/\/okej.nu\/blog\/wp-json\/wp\/v2\/media?parent=46"}],"wp:term":[{"taxonomy":"category","embeddable":true,"href":"https:\/\/okej.nu\/blog\/wp-json\/wp\/v2\/categories?post=46"},{"taxonomy":"post_tag","embeddable":true,"href":"https:\/\/okej.nu\/blog\/wp-json\/wp\/v2\/tags?post=46"}],"curies":[{"name":"wp","href":"https:\/\/api.w.org\/{rel}","templated":true}]}}