{"id":51,"date":"2025-03-19T18:40:20","date_gmt":"2025-03-19T17:40:20","guid":{"rendered":"https:\/\/okej.nu\/blog\/?p=51"},"modified":"2025-04-14T06:42:25","modified_gmt":"2025-04-14T05:42:25","slug":"atererovra-demokratin","status":"publish","type":"post","link":"https:\/\/okej.nu\/blog\/2025\/03\/19\/atererovra-demokratin\/","title":{"rendered":"\u00c5terer\u00f6vra demokratin!"},"content":{"rendered":"\n<h1><\/h1>\n\n\n\n<p>Demokratin och d\u00e4rmed friheten \u00e4r i fara. M\u00e5nga upplever sig st\u00e5 utan inflytande i det som p\u00e5verkar livets grundvalar. N\u00e4r den globala kapitalismen f\u00e5r fritt spelrum genereras oj\u00e4mlikhet. Fattigdomen tycks aldrig kunna elimineras. \u00c4ven i tidigare ekonomiskt starka samh\u00e4llen \u00e5terkommer nedsk\u00e4rningar, f\u00f6rs\u00e4mrad offentlig service, misstro, utanf\u00f6rskap. Demokratier kan periodvis tygla kapitalismen men har sv\u00e5rt att h\u00e5lla j\u00e4mna steg om folket inte \u00e4r p\u00e5 sin vakt och kapitalet tar ut sv\u00e4ngarna.<\/p>\n\n\n\n<p>N\u00e4r demokratin en g\u00e5ng formades och f\u00f6ddes var det en frukt av att de sm\u00e5 och medell\u00f6sa organiserade sig. Demokratin skapades underifr\u00e5n. Man v\u00e4xte tillsammans, bildning stod h\u00f6gt i kurs, och principerna om en m\u00e4nniska en r\u00f6st spred sig och n\u00e5dde in i riksdagen. Vi fick fria val.<\/p>\n\n\n\n<p>Men vad \u00e4r d\u00e5 frihetens och demokratins innersta v\u00e4sen? Att i de sammanhang som r\u00f6r mitt liv och mitt arbete bli inkluderad och engagerad. Att som utg\u00e5ngspunkt bli h\u00f6rd och respekterad, att sj\u00e4lvklart vara med i beslutande position r\u00f6rande det som g\u00e4ller mitt livs grundvalar. Att v\u00e4rdigt tas emot som likaber\u00e4ttigad. Demokrati och frihet \u00e4r en upplevelse av icke-exploatering, acceptans och utrymme. Ett n\u00e4rmast intimt varande i \u00f6msesidighet d\u00e4r man utvecklar och tar ansvar f\u00f6r sig sj\u00e4lv och andra. Formalia \u00e4r en del av detta, men inte k\u00e4rnan.<\/p>\n\n\n\n<p>S\u00e5 var b\u00f6rja f\u00f6r att \u00e5terer\u00f6vra, rehabilitera och utveckla demokratin? F\u00f6r att utvidga frihetens dom\u00e4ner och inskr\u00e4nka kapitalets. En sj\u00e4lvklar utg\u00e5ngspunkt \u00e4r att den som p\u00e5verkas av beslut ska vara delaktig i beslutsfattandet. S\u00e5ledes b\u00f6rjar demokratin lokalt n\u00e4ra mig sj\u00e4lv. Exempel p\u00e5 s\u00e5dan lokal utveckling av demokratin \u00e4r or\u00e4dda-st\u00e4der-r\u00f6relsen som spridit sig fr\u00e5n Barcelona ut \u00f6ver v\u00e4rlden.<\/p>\n\n\n\n<p>L\u00e5t resning och engagemang underifr\u00e5n bli en reaktion p\u00e5 den globala krisen och k\u00e4nslan av maktl\u00f6shet!<\/p>\n\n\n\n<p>Kjell Dennhag och JensRundberg<\/p>\n\n\n\n<p>F\u00f6reningen Kultur &amp; M\u00e4nniska, V\u00e4nn\u00e4s<\/p>\n\n\n\n<p>(Publicerad i Kristianstadsbladet 24 mars, Norra Sk\u00e5ne 24 mars och Lysekilsposten 27 mars)<\/p>\n","protected":false},"excerpt":{"rendered":"<p>Demokratin och d\u00e4rmed friheten \u00e4r i fara. M\u00e5nga upplever sig st\u00e5 utan inflytande i det som p\u00e5verkar livets grundvalar. N\u00e4r den globala kapitalismen f\u00e5r fritt spelrum genereras oj\u00e4mlikhet. Fattigdomen tycks aldrig kunna elimineras. \u00c4ven i tidigare ekonomiskt starka samh\u00e4llen \u00e5terkommer nedsk\u00e4rningar, f\u00f6rs\u00e4mrad offentlig service, misstro, utanf\u00f6rskap. Demokratier kan periodvis tygla kapitalismen men har sv\u00e5rt att [&hellip;]<\/p>\n","protected":false},"author":1,"featured_media":52,"comment_status":"closed","ping_status":"open","sticky":false,"template":"","format":"standard","meta":[],"categories":[4],"tags":[],"_links":{"self":[{"href":"https:\/\/okej.nu\/blog\/wp-json\/wp\/v2\/posts\/51"}],"collection":[{"href":"https:\/\/okej.nu\/blog\/wp-json\/wp\/v2\/posts"}],"about":[{"href":"https:\/\/okej.nu\/blog\/wp-json\/wp\/v2\/types\/post"}],"author":[{"embeddable":true,"href":"https:\/\/okej.nu\/blog\/wp-json\/wp\/v2\/users\/1"}],"replies":[{"embeddable":true,"href":"https:\/\/okej.nu\/blog\/wp-json\/wp\/v2\/comments?post=51"}],"version-history":[{"count":2,"href":"https:\/\/okej.nu\/blog\/wp-json\/wp\/v2\/posts\/51\/revisions"}],"predecessor-version":[{"id":78,"href":"https:\/\/okej.nu\/blog\/wp-json\/wp\/v2\/posts\/51\/revisions\/78"}],"wp:featuredmedia":[{"embeddable":true,"href":"https:\/\/okej.nu\/blog\/wp-json\/wp\/v2\/media\/52"}],"wp:attachment":[{"href":"https:\/\/okej.nu\/blog\/wp-json\/wp\/v2\/media?parent=51"}],"wp:term":[{"taxonomy":"category","embeddable":true,"href":"https:\/\/okej.nu\/blog\/wp-json\/wp\/v2\/categories?post=51"},{"taxonomy":"post_tag","embeddable":true,"href":"https:\/\/okej.nu\/blog\/wp-json\/wp\/v2\/tags?post=51"}],"curies":[{"name":"wp","href":"https:\/\/api.w.org\/{rel}","templated":true}]}}