{"id":65,"date":"2025-04-10T12:26:21","date_gmt":"2025-04-10T11:26:21","guid":{"rendered":"https:\/\/okej.nu\/blog\/?p=65"},"modified":"2025-04-10T12:26:21","modified_gmt":"2025-04-10T11:26:21","slug":"om-alla-dina-resurser-tar-slut-10-april","status":"publish","type":"post","link":"https:\/\/okej.nu\/blog\/2025\/04\/10\/om-alla-dina-resurser-tar-slut-10-april\/","title":{"rendered":"Om alla dina resurser tar slut 10 april"},"content":{"rendered":"\n<p>Den 10 april \u00e4r Sveriges overshoot day f\u00f6r 2025.<br>Det vill s\u00e4ga det datum d\u00e5 planetens \u00e5rliga budget f\u00f6r f\u00f6rnybara resurser skulle vara f\u00f6rbrukad om alla p\u00e5 jorden levde p\u00e5 samma konsumtionsniv\u00e5 som inv\u00e5narna i Sverige. Enligt sidan https:\/\/overshoot.footprintnetwork.org \u00e4r det i \u00e5r den 10 april f\u00f6r Sverige.<\/p>\n\n\n\n<p>Rebellmammorna i Ume\u00e5 och i hela Sverige delar nu budskapet \u201dV\u00e5r barns framtid \u00e4r inte till salu, vi lever som om vi hade 4 jordklot\u201d med sina stickade halsdukar. Tack Rebellmammor! Jag s\u00e5g ert budskap p\u00e5 statyn Standing man vid Ume\u00e5 R\u00e5dhustorg.<\/p>\n\n\n\n<p>Med andra ord, just idag \u00e4r den dag d\u00e5 vi alla m\u00e5ste ta ansvar och g\u00f6ra n\u00e5got. Inte mer business as usual utan n\u00e5got annat. Vi m\u00e5ste \u00e4ndra v\u00e5ra vanor f\u00f6r framtiden och nutidens skull. Det \u00e4r br\u00e5ttom!<br>T\u00e4nkt efter: Vad skulle du g\u00f6ra om din \u00e5rsl\u00f6n och allt du sparat tog slut den 10 april? Skulle du forts\u00e4tta leva som vanligt d\u00e5?<\/p>\n\n\n\n<p>Karina Jonsson<br>Aktiv i People For Future Ume\u00e5<\/p>\n","protected":false},"excerpt":{"rendered":"<p>Den 10 april \u00e4r Sveriges overshoot day f\u00f6r 2025.Det vill s\u00e4ga det datum d\u00e5 planetens \u00e5rliga budget f\u00f6r f\u00f6rnybara resurser skulle vara f\u00f6rbrukad om alla p\u00e5 jorden levde p\u00e5 samma konsumtionsniv\u00e5 som inv\u00e5narna i Sverige. Enligt sidan https:\/\/overshoot.footprintnetwork.org \u00e4r det i \u00e5r den 10 april f\u00f6r Sverige. Rebellmammorna i Ume\u00e5 och i hela Sverige delar [&hellip;]<\/p>\n","protected":false},"author":1,"featured_media":67,"comment_status":"closed","ping_status":"open","sticky":false,"template":"","format":"standard","meta":[],"categories":[3],"tags":[],"_links":{"self":[{"href":"https:\/\/okej.nu\/blog\/wp-json\/wp\/v2\/posts\/65"}],"collection":[{"href":"https:\/\/okej.nu\/blog\/wp-json\/wp\/v2\/posts"}],"about":[{"href":"https:\/\/okej.nu\/blog\/wp-json\/wp\/v2\/types\/post"}],"author":[{"embeddable":true,"href":"https:\/\/okej.nu\/blog\/wp-json\/wp\/v2\/users\/1"}],"replies":[{"embeddable":true,"href":"https:\/\/okej.nu\/blog\/wp-json\/wp\/v2\/comments?post=65"}],"version-history":[{"count":1,"href":"https:\/\/okej.nu\/blog\/wp-json\/wp\/v2\/posts\/65\/revisions"}],"predecessor-version":[{"id":68,"href":"https:\/\/okej.nu\/blog\/wp-json\/wp\/v2\/posts\/65\/revisions\/68"}],"wp:featuredmedia":[{"embeddable":true,"href":"https:\/\/okej.nu\/blog\/wp-json\/wp\/v2\/media\/67"}],"wp:attachment":[{"href":"https:\/\/okej.nu\/blog\/wp-json\/wp\/v2\/media?parent=65"}],"wp:term":[{"taxonomy":"category","embeddable":true,"href":"https:\/\/okej.nu\/blog\/wp-json\/wp\/v2\/categories?post=65"},{"taxonomy":"post_tag","embeddable":true,"href":"https:\/\/okej.nu\/blog\/wp-json\/wp\/v2\/tags?post=65"}],"curies":[{"name":"wp","href":"https:\/\/api.w.org\/{rel}","templated":true}]}}